{"id":2464,"date":"2025-02-03T10:00:00","date_gmt":"2025-02-03T10:00:00","guid":{"rendered":"https:\/\/stage.inro-et.de\/?p=2464"},"modified":"2025-09-08T11:28:41","modified_gmt":"2025-09-08T11:28:41","slug":"inro-elektrotechnik-gmbh-erweitert-geschaeftsfuehrung","status":"publish","type":"post","link":"https:\/\/www.inro-et.de\/de\/news\/inro-elektrotechnik-gmbh-erweitert-geschaeftsfuehrung\/","title":{"rendered":"INRO Elektrotechnik GmbH und INRO ETMS GmbH erweitert Gesch\u00e4ftsf\u00fchrung"},"content":{"rendered":"\t\t<div data-elementor-type=\"wp-post\" data-elementor-id=\"2464\" class=\"elementor elementor-2464\" data-elementor-post-type=\"post\">\n\t\t\t\t<div class=\"elementor-element elementor-element-8ddf0f4 e-flex e-con-boxed e-con e-parent\" data-id=\"8ddf0f4\" data-element_type=\"container\" data-e-type=\"container\">\n\t\t\t\t\t<div class=\"e-con-inner\">\n\t\t\t\t<div class=\"elementor-element elementor-element-40fdcfa7 elementor-widget elementor-widget-image\" data-id=\"40fdcfa7\" data-element_type=\"widget\" data-e-type=\"widget\" data-widget_type=\"image.default\">\n\t\t\t\t<div class=\"elementor-widget-container\">\n\t\t\t\t\t\t\t\t\t\t\t\t\t\t\t<img decoding=\"async\" src=\"https:\/\/www.inro-et.de\/wp-content\/uploads\/2025\/04\/Bild-INRO-Neuer-Geschaeftsfuehrer-Simon-Stumpf-02-2025.avif\" class=\"attachment-full size-full wp-image-2457\" alt=\"Die INRO Gesch\u00e4ftsf\u00fchrung\" \/>\t\t\t\t\t\t\t\t\t\t\t\t\t\t\t<\/div>\n\t\t\t\t<\/div>\n\t\t\t\t<div class=\"elementor-element elementor-element-7130a656 elementor-widget elementor-widget-heading\" data-id=\"7130a656\" data-element_type=\"widget\" data-e-type=\"widget\" data-widget_type=\"heading.default\">\n\t\t\t\t<div class=\"elementor-widget-container\">\n\t\t\t\t\t<div class=\"elementor-heading-title elementor-size-default\">INRO ELEKTROTECHNIK GMBH UND INRO ETMS GMBH ERWEITERN GESCH\u00c4FTSF\u00dcHRUNG<\/div>\t\t\t\t<\/div>\n\t\t\t\t<\/div>\n\t\t\t\t<div class=\"elementor-element elementor-element-6cf9623e elementor-widget elementor-widget-heading\" data-id=\"6cf9623e\" data-element_type=\"widget\" data-e-type=\"widget\" data-widget_type=\"heading.default\">\n\t\t\t\t<div class=\"elementor-widget-container\">\n\t\t\t\t\t<h1 class=\"elementor-heading-title elementor-size-default\">Wir begr\u00fc\u00dfen Simon Stumpf als neuen Gesch\u00e4ftsf\u00fchrer\n<\/h1>\t\t\t\t<\/div>\n\t\t\t\t<\/div>\n\t\t\t\t<div class=\"elementor-element elementor-element-5ca917f9 elementor-widget elementor-widget-text-editor\" data-id=\"5ca917f9\" data-element_type=\"widget\" data-e-type=\"widget\" data-widget_type=\"text-editor.default\">\n\t\t\t\t<div class=\"elementor-widget-container\">\n\t\t\t\t\t\t\t\t\t<p>Wir begr\u00fc\u00dfen Simon Stumpf zum 01.02.2025 in der Gesch\u00e4ftsf\u00fchrung unserer Unternehmen INRO Elektrotechnik GmbH und INRO ETMS GmbH. Nach \u00fcber 30 Jahren wird die Gesch\u00e4ftsf\u00fchrung um die bisherigen Gesch\u00e4ftsf\u00fchrer und Inhaber der INRO, Barbara und Michael Ries, erweitert.<\/p><p>Damit reagieren die Inhaber auf das stetige Wachstum und die sich ver\u00e4ndernden Herausforderungen am Markt. Insbesondere die Themen Nachhaltigkeit, Automatisierung und Innovation werden weiterhin eine zentrale Rolle in der Ausrichtung der INRO Elektrotechnik GmbH spielen.<\/p><p>Simon Stumpf ist bereits seit f\u00fcnf Jahren bei der INRO Elektrotechnik GmbH t\u00e4tig und hat zuletzt erfolgreich die Abteilung Marketing &amp; Vertrieb geleitet. Zum Antritt seiner neuen Rolle als Gesch\u00e4ftsf\u00fchrer hat er uns drei Fragen beantwortet:<\/p>\t\t\t\t\t\t\t\t<\/div>\n\t\t\t\t<\/div>\n\t\t\t\t<div class=\"elementor-element elementor-element-26ce91ed elementor-widget elementor-widget-heading\" data-id=\"26ce91ed\" data-element_type=\"widget\" data-e-type=\"widget\" data-widget_type=\"heading.default\">\n\t\t\t\t<div class=\"elementor-widget-container\">\n\t\t\t\t\t<h2 class=\"elementor-heading-title elementor-size-default\">Frage 1: Was macht Ihrer Meinung nach INRO aus?\n<\/h2>\t\t\t\t<\/div>\n\t\t\t\t<\/div>\n\t\t\t\t<div class=\"elementor-element elementor-element-3387e259 elementor-widget elementor-widget-text-editor\" data-id=\"3387e259\" data-element_type=\"widget\" data-e-type=\"widget\" data-widget_type=\"text-editor.default\">\n\t\t\t\t<div class=\"elementor-widget-container\">\n\t\t\t\t\t\t\t\t\t<p>F\u00fcr mich zeichnet sich die INRO Elektrotechnik GmbH besonders durch die Kombination aus Tradition und Innovation aus. Seit \u00fcber 30 Jahren ist das Unternehmen erfolgreich in der Flurf\u00f6rderbranche t\u00e4tig und hat sich von dort aus hin zum umfassenden, strategischen Technologiepartner f\u00fcr professionelle Elektronikl\u00f6sungen weiterentwickelt. INRO bietet Entwicklung und Produktion aus einer Hand mitten in Deutschland und setzt hierbei auf qualitative hochwertige Produkte im Bereich der Leistungselektronik und der nachhaltigen Mobilit\u00e4t.<\/p><p>Als regional verbundenes, mittelst\u00e4ndisches Unternehmen legt die INRO gro\u00dfen Wert auf Menschlichkeit und pers\u00f6nliche Beziehungen. Hier \u201ekennt man sich noch\u201c, und das spiegelt sich sowohl im Umgang miteinander als auch in der Zusammenarbeit mit unseren Kunden wider.<\/p><p>Diese Verbindung von langj\u00e4hriger Erfahrung, technologischem Fortschritt und einer pers\u00f6nlichen Atmosph\u00e4re macht das Unternehmen f\u00fcr mich besonders, da die M\u00f6glichkeiten zur Weiterentwicklung und die Innovationspotentiale hier optimal genutzt werden und ein inspirierendes Umfeld f\u00fcr kreatives Arbeiten und kontinuierliches Wachstum schaffen.<\/p>\t\t\t\t\t\t\t\t<\/div>\n\t\t\t\t<\/div>\n\t\t\t\t<div class=\"elementor-element elementor-element-74dd1b56 elementor-widget elementor-widget-heading\" data-id=\"74dd1b56\" data-element_type=\"widget\" data-e-type=\"widget\" data-widget_type=\"heading.default\">\n\t\t\t\t<div class=\"elementor-widget-container\">\n\t\t\t\t\t<h2 class=\"elementor-heading-title elementor-size-default\">Frage 2: Welche Momente bei INRO haben Sie besonders gepr\u00e4gt?\n<\/h2>\t\t\t\t<\/div>\n\t\t\t\t<\/div>\n\t\t\t\t<div class=\"elementor-element elementor-element-173793fd elementor-widget elementor-widget-text-editor\" data-id=\"173793fd\" data-element_type=\"widget\" data-e-type=\"widget\" data-widget_type=\"text-editor.default\">\n\t\t\t\t<div class=\"elementor-widget-container\">\n\t\t\t\t\t\t\t\t\t<p>Besonders gepr\u00e4gt haben mich bei der INRO die zahlreichen gemeinsamen Erfolge f\u00fcr unsere Kunden, bei denen wir als Team hervorragende Leistungen erbracht haben. Diese gemeinsamen Erfolge zeigen nicht nur die Kompetenz jedes Einzelnen, sondern auch die St\u00e4rke der Zusammenarbeit innerhalb des Unternehmens. Wir ziehen an einem Strang und finden f\u00fcr unsere Kunden die optimale L\u00f6sung.<\/p><p>Diese Momente des Zusammenhalts erleben wir auch bei gemeinsamen Festen und Veranstaltungen wie z.B. unserem Sommerfest. Diese Veranstaltungen st\u00e4rken nicht nur das Teamgef\u00fchl, sondern schaffen auch eine angenehme Atmosph\u00e4re, in der man sich gegenseitig besser kennenlernt \u2013 ein absoluter Vorteil bei uns im Mittelstand.<\/p>\t\t\t\t\t\t\t\t<\/div>\n\t\t\t\t<\/div>\n\t\t\t\t<div class=\"elementor-element elementor-element-5e9c824 elementor-widget elementor-widget-heading\" data-id=\"5e9c824\" data-element_type=\"widget\" data-e-type=\"widget\" data-widget_type=\"heading.default\">\n\t\t\t\t<div class=\"elementor-widget-container\">\n\t\t\t\t\t<h2 class=\"elementor-heading-title elementor-size-default\">Frage 3: Was sind Ihre Erwartungen an sich selbst f\u00fcr diese neue Rolle?\n\n<\/h2>\t\t\t\t<\/div>\n\t\t\t\t<\/div>\n\t\t\t\t<div class=\"elementor-element elementor-element-b6dbd68 elementor-widget elementor-widget-text-editor\" data-id=\"b6dbd68\" data-element_type=\"widget\" data-e-type=\"widget\" data-widget_type=\"text-editor.default\">\n\t\t\t\t<div class=\"elementor-widget-container\">\n\t\t\t\t\t\t\t\t\t<p>Es ist mir wichtig, gemeinsam mit allen Mitarbeiterinnen und Mitarbeitern der INRO kontinuierlich, nachhaltig und zukunftsorientiert an der Weiterentwicklung des Unternehmens zu arbeiten, um den Anforderungen der Position gerecht zu werden und zum Erfolg des Unternehmens beizutragen.<\/p><p>Ein weiterer wichtiger Aspekt ist, mit unseren Kunden und Partnern weiterhin auf Augenh\u00f6he zu kommunizieren. Ich m\u00f6chte eine vertrauensvolle und transparente Kommunikation pflegen, um langfristige Beziehungen aus- und aufzubauen und gemeinsam f\u00fcr alle erfolgreiche Projekte zu realisieren.<\/p>\t\t\t\t\t\t\t\t<\/div>\n\t\t\t\t<\/div>\n\t\t\t\t\t<\/div>\n\t\t\t\t<\/div>\n\t\t<div class=\"elementor-element elementor-element-311912b2 e-flex e-con-boxed e-con e-parent\" data-id=\"311912b2\" data-element_type=\"container\" data-e-type=\"container\">\n\t\t\t\t\t<div class=\"e-con-inner\">\n\t\t\t\t<div class=\"elementor-element elementor-element-482a760b elementor-align-right elementor-widget elementor-widget-button\" data-id=\"482a760b\" data-element_type=\"widget\" data-e-type=\"widget\" data-widget_type=\"button.default\">\n\t\t\t\t<div class=\"elementor-widget-container\">\n\t\t\t\t\t\t\t\t\t<div class=\"elementor-button-wrapper\">\n\t\t\t\t\t<a class=\"elementor-button elementor-button-link elementor-size-sm\" href=\"https:\/\/www.inro-et.de\/news\/\">\n\t\t\t\t\t\t<span class=\"elementor-button-content-wrapper\">\n\t\t\t\t\t\t\t\t\t<span class=\"elementor-button-text\">Zur\u00fcck zur \u00dcbersicht<\/span>\n\t\t\t\t\t<\/span>\n\t\t\t\t\t<\/a>\n\t\t\t\t<\/div>\n\t\t\t\t\t\t\t\t<\/div>\n\t\t\t\t<\/div>\n\t\t\t\t\t<\/div>\n\t\t\t\t<\/div>\n\t\t\t\t<\/div>\n\t\t","protected":false},"excerpt":{"rendered":"<p>Wir begr\u00fc\u00dfen Simon Stumpf in der Gesch\u00e4ftsf\u00fchrung der INRO.<\/p>\n","protected":false},"author":3,"featured_media":5687,"comment_status":"open","ping_status":"open","sticky":false,"template":"","format":"standard","meta":{"_acf_changed":false,"_seopress_robots_primary_cat":"none","_seopress_titles_title":"INRO begr\u00fc\u00dft Simon Stumpf als neuen Gesch\u00e4ftsf\u00fchrer","_seopress_titles_desc":"Wir begr\u00fc\u00dfen Simon Stumpf zum 01.02.2025 in der Gesch\u00e4ftsf\u00fchrung unserer Unternehmen INRO Elektrotechnik GmbH und INRO ETMS GmbH. Nach \u00fcber 30 Jahren wird die Gesch\u00e4ftsf\u00fchrung um die bisherigen Gesch\u00e4ftsf\u00fchrer und Inhaber der INRO, Barbara und Michael Ries, erweitert.","_seopress_robots_index":"","site-sidebar-layout":"default","site-content-layout":"","ast-site-content-layout":"","site-content-style":"default","site-sidebar-style":"default","ast-global-header-display":"","ast-banner-title-visibility":"","ast-main-header-display":"","ast-hfb-above-header-display":"","ast-hfb-below-header-display":"","ast-hfb-mobile-header-display":"","site-post-title":"","ast-breadcrumbs-content":"","ast-featured-img":"","footer-sml-layout":"","ast-disable-related-posts":"","theme-transparent-header-meta":"","adv-header-id-meta":"","stick-header-meta":"","header-above-stick-meta":"","header-main-stick-meta":"","header-below-stick-meta":"","astra-migrate-meta-layouts":"default","ast-page-background-enabled":"default","ast-page-background-meta":{"desktop":{"background-color":"var(--ast-global-color-5)","background-image":"","background-repeat":"repeat","background-position":"center center","background-size":"auto","background-attachment":"scroll","background-type":"","background-media":"","overlay-type":"","overlay-color":"","overlay-opacity":"","overlay-gradient":""},"tablet":{"background-color":"","background-image":"","background-repeat":"repeat","background-position":"center center","background-size":"auto","background-attachment":"scroll","background-type":"","background-media":"","overlay-type":"","overlay-color":"","overlay-opacity":"","overlay-gradient":""},"mobile":{"background-color":"","background-image":"","background-repeat":"repeat","background-position":"center center","background-size":"auto","background-attachment":"scroll","background-type":"","background-media":"","overlay-type":"","overlay-color":"","overlay-opacity":"","overlay-gradient":""}},"ast-content-background-meta":{"desktop":{"background-color":"var(--ast-global-color-4)","background-image":"","background-repeat":"repeat","background-position":"center center","background-size":"auto","background-attachment":"scroll","background-type":"","background-media":"","overlay-type":"","overlay-color":"","overlay-opacity":"","overlay-gradient":""},"tablet":{"background-color":"var(--ast-global-color-4)","background-image":"","background-repeat":"repeat","background-position":"center center","background-size":"auto","background-attachment":"scroll","background-type":"","background-media":"","overlay-type":"","overlay-color":"","overlay-opacity":"","overlay-gradient":""},"mobile":{"background-color":"var(--ast-global-color-4)","background-image":"","background-repeat":"repeat","background-position":"center center","background-size":"auto","background-attachment":"scroll","background-type":"","background-media":"","overlay-type":"","overlay-color":"","overlay-opacity":"","overlay-gradient":""}},"footnotes":""},"categories":[68],"tags":[],"class_list":["post-2464","post","type-post","status-publish","format-standard","has-post-thumbnail","hentry","category-news"],"acf":[],"_links":{"self":[{"href":"https:\/\/www.inro-et.de\/de\/wp-json\/wp\/v2\/posts\/2464","targetHints":{"allow":["GET"]}}],"collection":[{"href":"https:\/\/www.inro-et.de\/de\/wp-json\/wp\/v2\/posts"}],"about":[{"href":"https:\/\/www.inro-et.de\/de\/wp-json\/wp\/v2\/types\/post"}],"author":[{"embeddable":true,"href":"https:\/\/www.inro-et.de\/de\/wp-json\/wp\/v2\/users\/3"}],"replies":[{"embeddable":true,"href":"https:\/\/www.inro-et.de\/de\/wp-json\/wp\/v2\/comments?post=2464"}],"version-history":[{"count":10,"href":"https:\/\/www.inro-et.de\/de\/wp-json\/wp\/v2\/posts\/2464\/revisions"}],"predecessor-version":[{"id":6048,"href":"https:\/\/www.inro-et.de\/de\/wp-json\/wp\/v2\/posts\/2464\/revisions\/6048"}],"wp:featuredmedia":[{"embeddable":true,"href":"https:\/\/www.inro-et.de\/de\/wp-json\/wp\/v2\/media\/5687"}],"wp:attachment":[{"href":"https:\/\/www.inro-et.de\/de\/wp-json\/wp\/v2\/media?parent=2464"}],"wp:term":[{"taxonomy":"category","embeddable":true,"href":"https:\/\/www.inro-et.de\/de\/wp-json\/wp\/v2\/categories?post=2464"},{"taxonomy":"post_tag","embeddable":true,"href":"https:\/\/www.inro-et.de\/de\/wp-json\/wp\/v2\/tags?post=2464"}],"curies":[{"name":"wp","href":"https:\/\/api.w.org\/{rel}","templated":true}]}}