{"id":3183,"date":"2024-05-16T09:00:00","date_gmt":"2024-05-16T09:00:00","guid":{"rendered":"https:\/\/stage.inro-et.de\/?p=3183"},"modified":"2025-09-08T11:34:09","modified_gmt":"2025-09-08T11:34:09","slug":"besuch-des-bvmw","status":"publish","type":"post","link":"https:\/\/www.inro-et.de\/de\/news\/besuch-des-bvmw\/","title":{"rendered":"Besuch des BVMW"},"content":{"rendered":"\t\t<div data-elementor-type=\"wp-post\" data-elementor-id=\"3183\" class=\"elementor elementor-3183\" data-elementor-post-type=\"post\">\n\t\t\t\t<div class=\"elementor-element elementor-element-43871c5e e-flex e-con-boxed e-con e-parent\" data-id=\"43871c5e\" data-element_type=\"container\" data-e-type=\"container\">\n\t\t\t\t\t<div class=\"e-con-inner\">\n\t\t\t\t<div class=\"elementor-element elementor-element-5819a7c2 elementor-widget elementor-widget-image\" data-id=\"5819a7c2\" data-element_type=\"widget\" data-e-type=\"widget\" data-widget_type=\"image.default\">\n\t\t\t\t<div class=\"elementor-widget-container\">\n\t\t\t\t\t\t\t\t\t\t\t\t\t\t\t<img fetchpriority=\"high\" decoding=\"async\" width=\"1800\" height=\"550\" src=\"https:\/\/www.inro-et.de\/wp-content\/uploads\/2024\/05\/INRO-BVMW.jpg\" class=\"attachment-full size-full wp-image-3189\" alt=\"Besuch vom Bundesverband mittelst\u00e4ndische Wirtschaft Bayrischer Untermain\" srcset=\"https:\/\/www.inro-et.de\/wp-content\/uploads\/2024\/05\/INRO-BVMW.jpg 1800w, https:\/\/www.inro-et.de\/wp-content\/uploads\/2024\/05\/INRO-BVMW-300x92.jpg 300w, https:\/\/www.inro-et.de\/wp-content\/uploads\/2024\/05\/INRO-BVMW-1024x313.jpg 1024w, https:\/\/www.inro-et.de\/wp-content\/uploads\/2024\/05\/INRO-BVMW-768x235.jpg 768w, https:\/\/www.inro-et.de\/wp-content\/uploads\/2024\/05\/INRO-BVMW-1536x469.jpg 1536w, https:\/\/www.inro-et.de\/wp-content\/uploads\/2024\/05\/INRO-BVMW-18x6.jpg 18w\" sizes=\"(max-width: 1800px) 100vw, 1800px\" \/>\t\t\t\t\t\t\t\t\t\t\t\t\t\t\t<\/div>\n\t\t\t\t<\/div>\n\t\t\t\t<div class=\"elementor-element elementor-element-247f7c5a elementor-widget elementor-widget-heading\" data-id=\"247f7c5a\" data-element_type=\"widget\" data-e-type=\"widget\" data-widget_type=\"heading.default\">\n\t\t\t\t<div class=\"elementor-widget-container\">\n\t\t\t\t\t<div class=\"elementor-heading-title elementor-size-default\">VERNETZTER MITTELSTAND\n<\/div>\t\t\t\t<\/div>\n\t\t\t\t<\/div>\n\t\t\t\t<div class=\"elementor-element elementor-element-4af23941 elementor-widget elementor-widget-heading\" data-id=\"4af23941\" data-element_type=\"widget\" data-e-type=\"widget\" data-widget_type=\"heading.default\">\n\t\t\t\t<div class=\"elementor-widget-container\">\n\t\t\t\t\t<h1 class=\"elementor-heading-title elementor-size-default\">Der BVMW zu Besuch bei INRO\n<\/h1>\t\t\t\t<\/div>\n\t\t\t\t<\/div>\n\t\t\t\t<div class=\"elementor-element elementor-element-1a94dff5 elementor-widget elementor-widget-text-editor\" data-id=\"1a94dff5\" data-element_type=\"widget\" data-e-type=\"widget\" data-widget_type=\"text-editor.default\">\n\t\t\t\t<div class=\"elementor-widget-container\">\n\t\t\t\t\t\t\t\t\t<p>Im April hatten wir Besuch vom Bundesverband mittelst\u00e4ndische Wirtschaft Bayrischer Untermain bei uns im Unternehmen.<\/p><p>Der Verband fungiert als Netzwerk f\u00fcr den deutschen Mittelstand und vernetzt somit mittelst\u00e4ndische Unternehmen miteinander. Er vertritt im Rahmen der Mittelstandsallianz die Interessen von \u00fcber 600.000 Mitgliedern.<\/p><p>Auch wir sind Mitglied des Verbandes und freuen uns immer wieder, wenn wir die M\u00f6glichkeit haben, uns mit anderen Mitgliedern auszutauschen.<\/p><p>Beim Besuch des BVMW bei uns hat unsere Gesch\u00e4ftsf\u00fchrung INRO als Unternehmen vorgestellt, es gab eine F\u00fchrung durch unsere Fertigung und gutes Essen durfte nat\u00fcrlich auch nicht fehlen.<\/p><p><strong>Der 6. Roundtable Elektromobilit\u00e4t und Ladeinfrastruktur<\/strong><\/p><p>Hintergrund des Besuchs war der 6. Roundtable Elektromobilit\u00e4t und Ladeinfrastruktur, f\u00fcr den wir nat\u00fcrlich nur zu gerne Gastgeber waren. Mit der PANTABOX haben wir eine mobile Wallbox in unserem Portfolio, die durch ihr schlankes Design und die F\u00fclle an Funktionen besticht.<\/p><p>Wir danken allen Teilnehmern und Teilnehmerinnen des Roundtables und freuen uns schon auf das n\u00e4chste Mal!<\/p>\t\t\t\t\t\t\t\t<\/div>\n\t\t\t\t<\/div>\n\t\t\t\t\t<\/div>\n\t\t\t\t<\/div>\n\t\t<div class=\"elementor-element elementor-element-6cd56a79 e-flex e-con-boxed e-con e-parent\" data-id=\"6cd56a79\" data-element_type=\"container\" data-e-type=\"container\">\n\t\t\t\t\t<div class=\"e-con-inner\">\n\t\t\t\t<div class=\"elementor-element elementor-element-6a66b6f6 elementor-align-right elementor-widget elementor-widget-button\" data-id=\"6a66b6f6\" data-element_type=\"widget\" data-e-type=\"widget\" data-widget_type=\"button.default\">\n\t\t\t\t<div class=\"elementor-widget-container\">\n\t\t\t\t\t\t\t\t\t<div class=\"elementor-button-wrapper\">\n\t\t\t\t\t<a class=\"elementor-button elementor-button-link elementor-size-sm\" href=\"https:\/\/www.inro-et.de\/news\/\">\n\t\t\t\t\t\t<span class=\"elementor-button-content-wrapper\">\n\t\t\t\t\t\t\t\t\t<span class=\"elementor-button-text\">Zur\u00fcck zur \u00dcbersicht<\/span>\n\t\t\t\t\t<\/span>\n\t\t\t\t\t<\/a>\n\t\t\t\t<\/div>\n\t\t\t\t\t\t\t\t<\/div>\n\t\t\t\t<\/div>\n\t\t\t\t\t<\/div>\n\t\t\t\t<\/div>\n\t\t<div class=\"elementor-element elementor-element-362e3c3 e-flex e-con-boxed e-con e-parent\" data-id=\"362e3c3\" data-element_type=\"container\" data-e-type=\"container\">\n\t\t\t\t\t<div class=\"e-con-inner\">\n\t\t\t\t\t<\/div>\n\t\t\t\t<\/div>\n\t\t\t\t<\/div>\n\t\t","protected":false},"excerpt":{"rendered":"<p>Im April hatten wir Besuch vom Bundesverband mittelst\u00e4ndische Wirtschaft Bayrischer Untermain bei uns im Unternehmen.<\/p>\n","protected":false},"author":3,"featured_media":3186,"comment_status":"open","ping_status":"open","sticky":false,"template":"","format":"standard","meta":{"_acf_changed":false,"_seopress_robots_primary_cat":"none","_seopress_titles_title":"Der BVMW zu Besuch bei INRO","_seopress_titles_desc":"Im April hatten wir Besuch vom Bundesverband mittelst\u00e4ndische Wirtschaft Bayrischer Untermain bei uns im Unternehmen.","_seopress_robots_index":"","site-sidebar-layout":"default","site-content-layout":"","ast-site-content-layout":"","site-content-style":"default","site-sidebar-style":"default","ast-global-header-display":"","ast-banner-title-visibility":"","ast-main-header-display":"","ast-hfb-above-header-display":"","ast-hfb-below-header-display":"","ast-hfb-mobile-header-display":"","site-post-title":"","ast-breadcrumbs-content":"","ast-featured-img":"","footer-sml-layout":"","ast-disable-related-posts":"","theme-transparent-header-meta":"","adv-header-id-meta":"","stick-header-meta":"","header-above-stick-meta":"","header-main-stick-meta":"","header-below-stick-meta":"","astra-migrate-meta-layouts":"default","ast-page-background-enabled":"default","ast-page-background-meta":{"desktop":{"background-color":"var(--ast-global-color-5)","background-image":"","background-repeat":"repeat","background-position":"center center","background-size":"auto","background-attachment":"scroll","background-type":"","background-media":"","overlay-type":"","overlay-color":"","overlay-opacity":"","overlay-gradient":""},"tablet":{"background-color":"","background-image":"","background-repeat":"repeat","background-position":"center center","background-size":"auto","background-attachment":"scroll","background-type":"","background-media":"","overlay-type":"","overlay-color":"","overlay-opacity":"","overlay-gradient":""},"mobile":{"background-color":"","background-image":"","background-repeat":"repeat","background-position":"center center","background-size":"auto","background-attachment":"scroll","background-type":"","background-media":"","overlay-type":"","overlay-color":"","overlay-opacity":"","overlay-gradient":""}},"ast-content-background-meta":{"desktop":{"background-color":"var(--ast-global-color-4)","background-image":"","background-repeat":"repeat","background-position":"center center","background-size":"auto","background-attachment":"scroll","background-type":"","background-media":"","overlay-type":"","overlay-color":"","overlay-opacity":"","overlay-gradient":""},"tablet":{"background-color":"var(--ast-global-color-4)","background-image":"","background-repeat":"repeat","background-position":"center center","background-size":"auto","background-attachment":"scroll","background-type":"","background-media":"","overlay-type":"","overlay-color":"","overlay-opacity":"","overlay-gradient":""},"mobile":{"background-color":"var(--ast-global-color-4)","background-image":"","background-repeat":"repeat","background-position":"center center","background-size":"auto","background-attachment":"scroll","background-type":"","background-media":"","overlay-type":"","overlay-color":"","overlay-opacity":"","overlay-gradient":""}},"footnotes":""},"categories":[68],"tags":[],"class_list":["post-3183","post","type-post","status-publish","format-standard","has-post-thumbnail","hentry","category-news"],"acf":[],"_links":{"self":[{"href":"https:\/\/www.inro-et.de\/de\/wp-json\/wp\/v2\/posts\/3183","targetHints":{"allow":["GET"]}}],"collection":[{"href":"https:\/\/www.inro-et.de\/de\/wp-json\/wp\/v2\/posts"}],"about":[{"href":"https:\/\/www.inro-et.de\/de\/wp-json\/wp\/v2\/types\/post"}],"author":[{"embeddable":true,"href":"https:\/\/www.inro-et.de\/de\/wp-json\/wp\/v2\/users\/3"}],"replies":[{"embeddable":true,"href":"https:\/\/www.inro-et.de\/de\/wp-json\/wp\/v2\/comments?post=3183"}],"version-history":[{"count":9,"href":"https:\/\/www.inro-et.de\/de\/wp-json\/wp\/v2\/posts\/3183\/revisions"}],"predecessor-version":[{"id":6097,"href":"https:\/\/www.inro-et.de\/de\/wp-json\/wp\/v2\/posts\/3183\/revisions\/6097"}],"wp:featuredmedia":[{"embeddable":true,"href":"https:\/\/www.inro-et.de\/de\/wp-json\/wp\/v2\/media\/3186"}],"wp:attachment":[{"href":"https:\/\/www.inro-et.de\/de\/wp-json\/wp\/v2\/media?parent=3183"}],"wp:term":[{"taxonomy":"category","embeddable":true,"href":"https:\/\/www.inro-et.de\/de\/wp-json\/wp\/v2\/categories?post=3183"},{"taxonomy":"post_tag","embeddable":true,"href":"https:\/\/www.inro-et.de\/de\/wp-json\/wp\/v2\/tags?post=3183"}],"curies":[{"name":"wp","href":"https:\/\/api.w.org\/{rel}","templated":true}]}}